{"id":953,"date":"2019-01-15T17:53:50","date_gmt":"2019-01-15T16:53:50","guid":{"rendered":"http:\/\/energity.bzh\/?p=953"},"modified":"2019-01-15T19:07:10","modified_gmt":"2019-01-15T18:07:10","slug":"le-reseau-electrique-francais-a-frole-jeudi-soir-le-black-out","status":"publish","type":"post","link":"http:\/\/energity.bzh\/index.php\/2019\/01\/15\/le-reseau-electrique-francais-a-frole-jeudi-soir-le-black-out\/","title":{"rendered":"Le r\u00e9seau \u00e9lectrique fran\u00e7ais a fr\u00f4l\u00e9, jeudi soir, le \u00ab\u00a0black out\u00a0\u00bb"},"content":{"rendered":"<p><img loading=\"lazy\" decoding=\"async\" class=\"aligncenter\" src=\"https:\/\/img.bfmtv.com\/c\/1256\/708\/af8\/fb5f02919b6aca1212f42e5abd124.jpg\" width=\"625\" height=\"352\" \/><\/p>\n<p><em>\u00ab\u00a0Le r\u00e9seau \u00e9lectrique fran\u00e7ais a \u00e9t\u00e9 fortement mis sous tension, jeudi 10 janvier, vers 21h00, for\u00e7ant RTE (R\u00e9seau transport d&rsquo;\u00e9lectricit\u00e9) \u00e0 demander \u00e0 certains industriels de r\u00e9duire leur consommation pour \u00e9viter un \u00ab\u00a0black out\u00a0\u00bb et le risque de massives coupures de courant. L&rsquo;Hexagone a \u00e9t\u00e9 impact\u00e9 par un d\u00e9s\u00e9quilibre entre offre et demande se situant en dehors du territoire national.\u00a0\u00bb<\/em><br \/>\n(publi\u00e9 par Jo\u00eblle Leconte)<\/p>\n<p>L&rsquo;article de BFMTV.com : <a href=\"https:\/\/www.bfmtv.com\/economie\/sous-tension-le-reseau-electrique-francais-a-frole-jeudi-soir-le-black-out-1610207.html\" target=\"_blank\" rel=\"noopener\">https:\/\/www.bfmtv.com\/economie\/sous-tension-le-reseau-electrique-francais-a-frole-jeudi-soir-le-black-out-1610207.html<\/a><\/p>\n<p><!--more--><\/p>\n<h2>Explication de la fragilit\u00e9 du r\u00e9seau, la fr\u00e9quence des 50 Hz<\/h2>\n<p><strong>\u00ab\u00a0la fr\u00e9quence du syst\u00e8me \u00e9lectrique fran\u00e7ais et europ\u00e9en est pass\u00e9e tr\u00e8s en dessous de 50 Hz\u00a0\u00bb<\/strong>, soit la fr\u00e9quence de r\u00e9f\u00e9rence lorsque le r\u00e9seau \u00e9lectrique est \u00e9quilibr\u00e9, une baisse qui aurait pu entra\u00eener \u00ab\u00a0des coupures importantes voire un black out\u00a0\u00bb.<\/p>\n<p>Explication Jancovici :<\/p>\n<p><em>\u00ab\u00a0Notre \u00e9lectricit\u00e9 n\u2019est pas fournie en courant continu, mais en courant alternatif, <strong>r\u00e9gl\u00e9 tr\u00e8s pr\u00e9cis\u00e9ment sur 50 Hz<\/strong>, pas plus, pas moins (ou plus exactement la tol\u00e9rance est de 0,05 Hz). Ce r\u00e9glage tr\u00e8s fin est d\u00e9sormais indispensable pour <strong>ne pas griller l\u2019\u00e9lectronique que nous trouvons partout<\/strong>, dans nos toasters comme les ascenseurs, dans les trains comme les fraiseuses industrielles, dans les scanners (\u00e0 l\u2019h\u00f4pital) comme les chaudi\u00e8res, et avant tout\u2026 dans les syst\u00e8mes de gestion du r\u00e9seau \u00e9lectrique lui-m\u00eame.<\/em><\/p>\n<p><em><strong>Le maintien de cette fr\u00e9quence est tellement indispensable<\/strong> que des automatismes sont pr\u00e9vus pour que, si ladite fr\u00e9quence baisse ou monte un peu trop (de 1 Hz), <strong>des automatismes enclenchent des d\u00e9lestages<\/strong>, et donc la fin du fonctionnement normal du r\u00e9seau, qui peut, dans les mauvais cas de figure, <strong>se terminer par un black-out g\u00e9n\u00e9ralis\u00e9 avec des \u00e9croulements en cascade<\/strong>.\u00a0\u00bb<\/em><\/p>\n<p>Article : \u00ab\u00a0100% renouvelable pour pas plus cher, fastoche ?\u00a0\u00bb paragraphe \u00ab\u00a0\u00c7a va moins bien une deuxi\u00e8me fois\u00a0\u00bb<\/p>\n<p><a href=\"https:\/\/jancovici.com\/transition-energetique\/renouvelables\/100-renouvelable-pour-pas-plus-cher-fastoche\/\" target=\"_blank\" rel=\"noopener\">https:\/\/jancovici.com\/transition-energetique\/renouvelables\/100-renouvelable-pour-pas-plus-cher-fastoche\/<\/a><\/p>\n<h2>La Bretagne est au bout du r\u00e9seau<\/h2>\n<p>De plus en <strong>Bretagne<\/strong> nous sommes au <strong>bout de ce r\u00e9seau<\/strong> et nous sommes encore plus fragile. La centrale de production \u00e9lectrique utilisant le gaz naturel comme \u00e9nergie primaire \u00e0 Montoir-de-Bretagne (Loire Atlantique) permet d&rsquo;alimenter en \u00e9lectricit\u00e9 le sud Bretagne.<\/p>\n<p><em>\u00ab\u00a0<strong>Spem a \u00e9t\u00e9 implant\u00e9e pour s\u00e9curiser l\u2019approvisionnement \u00e9lectrique du sud Bretagne<\/strong>. Une centrale similaire est en projet dans le Finist\u00e8re, \u00e0 Landivisiau : principal actionnaire, Direct \u00c9nergie a annonc\u00e9 son intention de commencer les travaux dans les prochains mois malgr\u00e9 une opposition locale.\u00a0\u00bb<\/em><\/p>\n<p><a href=\"https:\/\/www.usinenouvelle.com\/article\/engie-engage-15-millions-d-euros-pour-la-centrale-electrique-de-montoir-de-bretagne\" target=\"_blank\" rel=\"noopener\">https:\/\/www.usinenouvelle.com\/article\/engie-engage-15-millions-d-euros-pour-la-centrale-electrique-de-montoir-de-bretagne<\/a><\/p>\n<h2>Que se passerait-il en cas d&rsquo;orage solaire ?<\/h2>\n<p>Ce r\u00e9seau europ\u00e9en est de plus en plus complexes et est de plus en plus fragile pour diverses raisons (interconnexions entre les pays, augmentation de la consommation, utilisation des ENR, etc&#8230;) mais aussi peut tomber \u00e0 tout moment du fait <a href=\"https:\/\/www.nationalgeographic.fr\/espace\/et-si-la-plus-grande-tempete-solaire-jamais-enregistree-etait-venir\" target=\"_blank\" rel=\"noopener\"><b>d&rsquo;une temp\u00eate solaire (orage magn\u00e9tique ayant pour cause une \u00e9ruption solaire)<\/b><\/a>&#8230;<\/p>\n<p><i>\u00ab\u00a0<strong>Mais la plus grande crainte concerne les d\u00e9g\u00e2ts potentiels sur le r\u00e9seau \u00e9lectrique<\/strong>. En effet, les surtensions provoqu\u00e9es par les particules solaires pourraient endommager les plus gros transformateurs \u00e9lectriques. <strong>Cela prendrait beaucoup de temps de remplacer l\u2019un d\u2019entre eux<\/strong>, et encore plus s\u2019ils sont des centaines \u00e0 avoir \u00e9t\u00e9 d\u00e9truits d\u2019un coup, a comment\u00e9 Baker, co-auteur d\u2019un rapport du Conseil national am\u00e9ricain de la recherche sur les risques li\u00e9s aux temp\u00eates solaires.\u00a0\u00bb<\/i><\/p>\n<p><b>Avez-vous r\u00e9chaud \u00e0 gaz, bougies, conserves, eau, radio sur pile, ?&#8230;<\/b><\/p>\n","protected":false},"excerpt":{"rendered":"<p>\u00ab\u00a0Le r\u00e9seau \u00e9lectrique fran\u00e7ais a \u00e9t\u00e9 fortement mis sous tension, jeudi 10 janvier, vers 21h00, for\u00e7ant RTE (R\u00e9seau transport d&rsquo;\u00e9lectricit\u00e9) \u00e0 demander \u00e0 certains industriels de r\u00e9duire leur consommation pour \u00e9viter un \u00ab\u00a0black out\u00a0\u00bb et le risque de massives coupures de courant. L&rsquo;Hexagone a \u00e9t\u00e9 impact\u00e9 par un d\u00e9s\u00e9quilibre entre offre et demande se situant &#8230; <a title=\"Le r\u00e9seau \u00e9lectrique fran\u00e7ais a fr\u00f4l\u00e9, jeudi soir, le \u00ab\u00a0black out\u00a0\u00bb\" class=\"read-more\" href=\"http:\/\/energity.bzh\/index.php\/2019\/01\/15\/le-reseau-electrique-francais-a-frole-jeudi-soir-le-black-out\/\" aria-label=\"En savoir plus sur Le r\u00e9seau \u00e9lectrique fran\u00e7ais a fr\u00f4l\u00e9, jeudi soir, le \u00ab\u00a0black out\u00a0\u00bb\">Lire la suite<\/a><\/p>\n","protected":false},"author":2,"featured_media":0,"comment_status":"closed","ping_status":"open","sticky":false,"template":"","format":"standard","meta":{"footnotes":""},"categories":[46,70],"tags":[71],"class_list":["post-953","post","type-post","status-publish","format-standard","hentry","category-alerte","category-reseau-electrique","tag-black-out"],"_links":{"self":[{"href":"http:\/\/energity.bzh\/index.php\/wp-json\/wp\/v2\/posts\/953","targetHints":{"allow":["GET"]}}],"collection":[{"href":"http:\/\/energity.bzh\/index.php\/wp-json\/wp\/v2\/posts"}],"about":[{"href":"http:\/\/energity.bzh\/index.php\/wp-json\/wp\/v2\/types\/post"}],"author":[{"embeddable":true,"href":"http:\/\/energity.bzh\/index.php\/wp-json\/wp\/v2\/users\/2"}],"replies":[{"embeddable":true,"href":"http:\/\/energity.bzh\/index.php\/wp-json\/wp\/v2\/comments?post=953"}],"version-history":[{"count":17,"href":"http:\/\/energity.bzh\/index.php\/wp-json\/wp\/v2\/posts\/953\/revisions"}],"predecessor-version":[{"id":970,"href":"http:\/\/energity.bzh\/index.php\/wp-json\/wp\/v2\/posts\/953\/revisions\/970"}],"wp:attachment":[{"href":"http:\/\/energity.bzh\/index.php\/wp-json\/wp\/v2\/media?parent=953"}],"wp:term":[{"taxonomy":"category","embeddable":true,"href":"http:\/\/energity.bzh\/index.php\/wp-json\/wp\/v2\/categories?post=953"},{"taxonomy":"post_tag","embeddable":true,"href":"http:\/\/energity.bzh\/index.php\/wp-json\/wp\/v2\/tags?post=953"}],"curies":[{"name":"wp","href":"https:\/\/api.w.org\/{rel}","templated":true}]}}