{"id":943,"date":"2019-01-04T19:35:32","date_gmt":"2019-01-04T18:35:32","guid":{"rendered":"http:\/\/energity.bzh\/?p=943"},"modified":"2019-01-04T19:38:35","modified_gmt":"2019-01-04T18:38:35","slug":"pour-rouler-en-voiture-verte-il-faut-rouvrir-nos-mines","status":"publish","type":"post","link":"http:\/\/energity.bzh\/index.php\/2019\/01\/04\/pour-rouler-en-voiture-verte-il-faut-rouvrir-nos-mines\/","title":{"rendered":"\u00ab\u00a0Pour rouler en voiture verte, il faut rouvrir nos mines\u00a0\u00bb"},"content":{"rendered":"<figure style=\"width: 330px\" class=\"wp-caption aligncenter\"><img loading=\"lazy\" decoding=\"async\" src=\"https:\/\/static.fnac-static.com\/multimedia\/Images\/FR\/NR\/6d\/2b\/8b\/9120621\/1540-1\/tsp20171218171040\/Promethium.jpg\" alt=\"\" width=\"340\" height=\"340\" \/><figcaption class=\"wp-caption-text\">La guerre des m\u00e9taux rares<\/figcaption><\/figure>\n<p><em>\u00ab\u00a0La transition \u00e9nerg\u00e9tique et num\u00e9rique <strong>n\u2019est pas \u00e9cologique<\/strong>.\u00a0\u00bb<\/em><\/p>\n<p><em>\u00ab\u00a0..derri\u00e8re le num\u00e9rique, il y a la mati\u00e8re premi\u00e8re. Voil\u00e0 le paradoxe: <strong>il faut beaucoup de mati\u00e8re pour cr\u00e9er l\u2019immat\u00e9riel!<\/strong> Rien de plus trompeur que le \u00ab\u00a0cloud\u00a0\u00bb qu\u2019on s\u2019imagine \u00e9th\u00e9r\u00e9.\u00a0\u00bb<\/em><\/p>\n<p><em>\u00ab\u00a0La toile internet mondiale \u2013 le L\u00e9viathan num\u00e9rique \u2013 est tr\u00e8s consommatrice. Si <strong>le cloud<\/strong> \u00e9tait un pays ce serait <strong>le cinqui\u00e8me plus gros consommateur d\u2019\u00e9nergie<\/strong>. L\u2019ensemble des NTIC consomment 4% de l\u2019\u00e9lectricit\u00e9 mondiale et <strong>rejettent deux fois plus de gaz \u00e0 effet de serre que le secteur a\u00e9rien civil mondial<\/strong>.\u00a0\u00bb<\/em><\/p>\n<p><em>\u00ab\u00a0Je rencontre pas mal d\u2019hommes politiques qui comprennent l\u2019importance g\u00e9opolitique du sujet.\u00a0\u00bb<\/em><\/p>\n<p><em>\u00ab\u00a0Mais <strong>ils ne saisissent pas l\u2019urgence \u00e9cologique \u00e0 court terme<\/strong> car ils n\u2019ont qu\u2019une faible conscience des externalit\u00e9s n\u00e9gatives de cette industrie. Personne, <strong>m\u00eame chez les \u00e9colos<\/strong>, ne r\u00e9alise que, pour les 30 prochaines ann\u00e9es, il faut extraire plus de minerais <strong>qu\u2019on en a extraits depuis 70.000 ans<\/strong>.\u00a0\u00bb<\/em><\/p>\n<p><!--more--><\/p>\n<p><em>\u00ab\u00a0Comme nous n\u2019avons plus affaire qu\u2019\u00e0 des produits d\u00e9j\u00e0 transform\u00e9s, <strong>nous avons perdu le sens et le prix de la mati\u00e8re premi\u00e8re<\/strong>. Nous devons accepter que pour rouler en voiture \u00ab\u00a0verte\u00a0\u00bb, il faut rouvrir nos mines. <strong>Elles ne seront pas \u00ab\u00a0propres\u00a0\u00bb (\u00e7a n\u2019existe pas)<\/strong>, mais on peut faire des mines responsables. C\u2019est moins sale que de le faire n\u2019importe comment ailleurs.\u00a0\u00bb<\/em><\/p>\n<p><strong><em>\u00ab\u00a0Mais cette relocalisation augmentera le prix de nos voitures et smartphones\u2026\u00a0\u00bb<\/em><\/strong><\/p>\n<p>L&rsquo;interview de Guillaume PITRON qui a men\u00e9 6 ans d&rsquo;enqu\u00eate \u00e0 ce sujet :<\/p>\n<p><a href=\"https:\/\/www.lecho.be\/opinions\/general\/Pour-rouler-en-voiture-verte-il-faut-rouvrir-nos-mines\/10082899\" target=\"_blank\" rel=\"noopener\">https:\/\/www.lecho.be\/opinions\/general\/Pour-rouler-en-voiture-verte-il-faut-rouvrir-nos-mines\/10082899<\/a><\/p>\n","protected":false},"excerpt":{"rendered":"<p>\u00ab\u00a0La transition \u00e9nerg\u00e9tique et num\u00e9rique n\u2019est pas \u00e9cologique.\u00a0\u00bb \u00ab\u00a0..derri\u00e8re le num\u00e9rique, il y a la mati\u00e8re premi\u00e8re. Voil\u00e0 le paradoxe: il faut beaucoup de mati\u00e8re pour cr\u00e9er l\u2019immat\u00e9riel! Rien de plus trompeur que le \u00ab\u00a0cloud\u00a0\u00bb qu\u2019on s\u2019imagine \u00e9th\u00e9r\u00e9.\u00a0\u00bb \u00ab\u00a0La toile internet mondiale \u2013 le L\u00e9viathan num\u00e9rique \u2013 est tr\u00e8s consommatrice. Si le cloud \u00e9tait un &#8230; <a title=\"\u00ab\u00a0Pour rouler en voiture verte, il faut rouvrir nos mines\u00a0\u00bb\" class=\"read-more\" href=\"http:\/\/energity.bzh\/index.php\/2019\/01\/04\/pour-rouler-en-voiture-verte-il-faut-rouvrir-nos-mines\/\" aria-label=\"En savoir plus sur \u00ab\u00a0Pour rouler en voiture verte, il faut rouvrir nos mines\u00a0\u00bb\">Lire la suite<\/a><\/p>\n","protected":false},"author":2,"featured_media":0,"comment_status":"closed","ping_status":"open","sticky":false,"template":"","format":"standard","meta":{"footnotes":""},"categories":[46,49,54],"tags":[69],"class_list":["post-943","post","type-post","status-publish","format-standard","hentry","category-alerte","category-risque","category-technologie","tag-transition-energetique"],"_links":{"self":[{"href":"http:\/\/energity.bzh\/index.php\/wp-json\/wp\/v2\/posts\/943","targetHints":{"allow":["GET"]}}],"collection":[{"href":"http:\/\/energity.bzh\/index.php\/wp-json\/wp\/v2\/posts"}],"about":[{"href":"http:\/\/energity.bzh\/index.php\/wp-json\/wp\/v2\/types\/post"}],"author":[{"embeddable":true,"href":"http:\/\/energity.bzh\/index.php\/wp-json\/wp\/v2\/users\/2"}],"replies":[{"embeddable":true,"href":"http:\/\/energity.bzh\/index.php\/wp-json\/wp\/v2\/comments?post=943"}],"version-history":[{"count":2,"href":"http:\/\/energity.bzh\/index.php\/wp-json\/wp\/v2\/posts\/943\/revisions"}],"predecessor-version":[{"id":945,"href":"http:\/\/energity.bzh\/index.php\/wp-json\/wp\/v2\/posts\/943\/revisions\/945"}],"wp:attachment":[{"href":"http:\/\/energity.bzh\/index.php\/wp-json\/wp\/v2\/media?parent=943"}],"wp:term":[{"taxonomy":"category","embeddable":true,"href":"http:\/\/energity.bzh\/index.php\/wp-json\/wp\/v2\/categories?post=943"},{"taxonomy":"post_tag","embeddable":true,"href":"http:\/\/energity.bzh\/index.php\/wp-json\/wp\/v2\/tags?post=943"}],"curies":[{"name":"wp","href":"https:\/\/api.w.org\/{rel}","templated":true}]}}