{"id":279,"date":"2017-06-08T21:32:22","date_gmt":"2017-06-08T19:32:22","guid":{"rendered":"http:\/\/energity.bzh\/?p=279"},"modified":"2018-03-27T16:24:01","modified_gmt":"2018-03-27T14:24:01","slug":"video-brest-polder-energies-marines-renouvelables","status":"publish","type":"post","link":"http:\/\/energity.bzh\/index.php\/2017\/06\/08\/video-brest-polder-energies-marines-renouvelables\/","title":{"rendered":"VIDEO: BREST le polder des \u00e9nergies marines renouvelables"},"content":{"rendered":"<p>Pr\u00e9sentation en animation 3D <strong>du polder \u00e0 Brest<\/strong> qui sera d\u00e9di\u00e9 aux <strong>\u00e9nergies marines renouvelables (EMR)<\/strong>.<\/p>\n<p><iframe loading=\"lazy\" width=\"1200\" height=\"675\" src=\"https:\/\/www.youtube.com\/embed\/nOPPt78u8J0?feature=oembed\" frameborder=\"0\" allow=\"autoplay; encrypted-media\" allowfullscreen><\/iframe><\/p>\n<p>Vid\u00e9o r\u00e9alis\u00e9e par <a href=\"https:\/\/www.virtualys.fr\/\" target=\"_blank\" rel=\"noopener\">Virtualys.fr<\/a> sp\u00e9cialiste 3D et R\u00e9alit\u00e9 Virtuelle \u00e0 Brest<\/p>\n<p><!--more--><\/p>\n<p><iframe loading=\"lazy\" src=\"https:\/\/www.google.com\/maps\/embed?pb=!1m10!1m8!1m3!1d8912.416341218142!2d-4.439713658328323!3d48.38593626941721!3m2!1i1024!2i768!4f13.1!5e0!3m2!1sfr!2sfr!4v1496950934705\" width=\"600\" height=\"450\" frameborder=\"0\" allowfullscreen=\"allowfullscreen\"><\/iframe><\/p>\n<p>Ce futur polder est actuellement en construction et se situe du c\u00f4t\u00e9 d&rsquo;Oc\u00e9anopolis. Ce nouveau terrain gagn\u00e9 sur la mer dans port de Brest permettra aux entreprises de fabriquer entre autres des <strong>hydroliennes<\/strong>. Elle seront alors achemin\u00e9es par bateau sur leurs sites de production en mer.<\/p>\n<figure style=\"width: 790px\" class=\"wp-caption alignnone\"><img loading=\"lazy\" decoding=\"async\" class=\"size-medium\" src=\"http:\/\/www.bretagne.bzh\/upload\/docs\/image\/jpeg\/2015-04\/800xffl_6874_copie.jpg.associated\/th-800x450-800xffl_6874_copie.jpg.jpg\" alt=\"Hydrolienne SABELLA\" width=\"800\" height=\"450\" \/><figcaption class=\"wp-caption-text\">Hydrolienne SABELLA de 17 m\u00e8tres de haut<\/figcaption><\/figure>\n","protected":false},"excerpt":{"rendered":"<p>Pr\u00e9sentation en animation 3D du polder \u00e0 Brest qui sera d\u00e9di\u00e9 aux \u00e9nergies marines renouvelables (EMR). Vid\u00e9o r\u00e9alis\u00e9e par Virtualys.fr sp\u00e9cialiste 3D et R\u00e9alit\u00e9 Virtuelle \u00e0 Brest<\/p>\n","protected":false},"author":2,"featured_media":0,"comment_status":"open","ping_status":"open","sticky":false,"template":"","format":"video","meta":{"footnotes":""},"categories":[5],"tags":[30,31,32,18],"class_list":["post-279","post","type-post","status-publish","format-video","hentry","category-production","tag-brest","tag-energie-marine-renouvelable","tag-hydrolienne","tag-video","post_format-post-format-video"],"_links":{"self":[{"href":"http:\/\/energity.bzh\/index.php\/wp-json\/wp\/v2\/posts\/279","targetHints":{"allow":["GET"]}}],"collection":[{"href":"http:\/\/energity.bzh\/index.php\/wp-json\/wp\/v2\/posts"}],"about":[{"href":"http:\/\/energity.bzh\/index.php\/wp-json\/wp\/v2\/types\/post"}],"author":[{"embeddable":true,"href":"http:\/\/energity.bzh\/index.php\/wp-json\/wp\/v2\/users\/2"}],"replies":[{"embeddable":true,"href":"http:\/\/energity.bzh\/index.php\/wp-json\/wp\/v2\/comments?post=279"}],"version-history":[{"count":8,"href":"http:\/\/energity.bzh\/index.php\/wp-json\/wp\/v2\/posts\/279\/revisions"}],"predecessor-version":[{"id":686,"href":"http:\/\/energity.bzh\/index.php\/wp-json\/wp\/v2\/posts\/279\/revisions\/686"}],"wp:attachment":[{"href":"http:\/\/energity.bzh\/index.php\/wp-json\/wp\/v2\/media?parent=279"}],"wp:term":[{"taxonomy":"category","embeddable":true,"href":"http:\/\/energity.bzh\/index.php\/wp-json\/wp\/v2\/categories?post=279"},{"taxonomy":"post_tag","embeddable":true,"href":"http:\/\/energity.bzh\/index.php\/wp-json\/wp\/v2\/tags?post=279"}],"curies":[{"name":"wp","href":"https:\/\/api.w.org\/{rel}","templated":true}]}}