{"id":1321,"date":"2020-05-11T18:42:35","date_gmt":"2020-05-11T16:42:35","guid":{"rendered":"http:\/\/energity.bzh\/?p=1321"},"modified":"2020-05-17T13:28:37","modified_gmt":"2020-05-17T11:28:37","slug":"avenir-sombre-une-famine-mondiale","status":"publish","type":"post","link":"http:\/\/energity.bzh\/index.php\/2020\/05\/11\/avenir-sombre-une-famine-mondiale\/","title":{"rendered":"Avenir sombre : une famine mondiale"},"content":{"rendered":"\n<div class=\"wp-block-image\"><figure class=\"aligncenter size-large\"><img decoding=\"async\" src=\"https:\/\/cdn-media.rtl.fr\/cache\/aqiR-N_hxXSFSsF7bIGGiw\/880v587-0\/online\/image\/2015\/1215\/7780856846_le-chef-indien-sitting-bull.jpg\" alt=\"\"\/><figcaption>\u00ab\u00a0Sitting Bull\u00a0\u00bb traduction anglaise de \u00ab\u00a0Thatha\u014bka Iyotake\u00a0\u00bb qui signifie en Lakota \u00ab\u00a0bison qui s&rsquo;assied\u00a0\u00bb<\/figcaption><\/figure><\/div>\n\n\n\n<p><strong><em>\u00a0\u00bb Lorsque le dernier arbre aura \u00e9t\u00e9 abattu, lorsque la derni\u00e8re rivi\u00e8re aura \u00e9t\u00e9 pollu\u00e9e, lorsque le dernier poisson aura \u00e9t\u00e9 p\u00each\u00e9 alors l&rsquo;homme blanc se rendra compte que l&rsquo;argent ne se mange pas\u00a0\u00bb<\/em><\/strong> proph\u00e9tie am\u00e9rindienne<\/p>\n\n\n\n<div class=\"wp-block-image\"><figure class=\"aligncenter size-large is-resized\"><img loading=\"lazy\" decoding=\"async\" src=\"https:\/\/www.cieau.com\/wp-content\/uploads\/2019\/07\/GettyImages-502529030.jpg\" alt=\"\" width=\"529\" height=\"351\"\/><\/figure><\/div>\n\n\n\n<p>\u00ab\u00a0<em>Lorsque le World Food Program nous alerte que la crise \u00e9conomiques induite par le Covid-19 pourrait doubler le nombre de personnes souffrant de la faim courant 2020, nous ressentons une sinc\u00e8re compassion pour ces personnes \u00e0 l&rsquo;autre bout du monde, mais nous ne nous sentons pas personnellement concern\u00e9s.<\/em><\/p>\n\n\n\n<p>Po<em>urtant, si nous projetons notre regard un peu plus loin, on se rend compte que <strong>le syst\u00e8me de production alimentaire mondial actuel n&rsquo;est pas soutenable<\/strong> et <strong>que partout dans le monde, la nourriture pourrait prochainement manquer<\/strong>. <strong>Personne ne serait alors \u00e9pargn\u00e9, pas m\u00eame nous qui nous inqui\u00e9tons de l&rsquo;avenir du monde via nos \u00e9crans<\/strong>.<\/em><\/p>\n\n\n\n<p>V<em>oici quelques-une de ces menaces. Chacune d&rsquo;entre elles serait suffisante pour causer une p\u00e9nurie plan\u00e9taire. Et au regard de l&rsquo;Histoire, elles surviennent toutes en m\u00eame temps !<\/em>\u00ab\u00a0<\/p>\n\n\n\n<p>L&rsquo;article : <a href=\"https:\/\/www.linkedin.com\/pulse\/avenir-sombre-une-famine-mondiale-joel-grea\/\" target=\"_blank\" rel=\"noreferrer noopener\">https:\/\/www.linkedin.com\/pulse\/avenir-sombre-une-famine-mondiale-joel-grea\/<\/a><\/p>\n","protected":false},"excerpt":{"rendered":"<p>\u00a0\u00bb Lorsque le dernier arbre aura \u00e9t\u00e9 abattu, lorsque la derni\u00e8re rivi\u00e8re aura \u00e9t\u00e9 pollu\u00e9e, lorsque le dernier poisson aura \u00e9t\u00e9 p\u00each\u00e9 alors l&rsquo;homme blanc se rendra compte que l&rsquo;argent ne se mange pas\u00a0\u00bb proph\u00e9tie am\u00e9rindienne \u00ab\u00a0Lorsque le World Food Program nous alerte que la crise \u00e9conomiques induite par le Covid-19 pourrait doubler le nombre &#8230; <a title=\"Avenir sombre : une famine mondiale\" class=\"read-more\" href=\"http:\/\/energity.bzh\/index.php\/2020\/05\/11\/avenir-sombre-une-famine-mondiale\/\" aria-label=\"En savoir plus sur Avenir sombre : une famine mondiale\">Lire la suite<\/a><\/p>\n","protected":false},"author":2,"featured_media":0,"comment_status":"closed","ping_status":"open","sticky":false,"template":"","format":"standard","meta":{"footnotes":""},"categories":[46,90,59,83,88,49],"tags":[],"class_list":["post-1321","post","type-post","status-publish","format-standard","hentry","category-alerte","category-alimentation","category-climat","category-petrole","category-population-mondiale","category-risque"],"_links":{"self":[{"href":"http:\/\/energity.bzh\/index.php\/wp-json\/wp\/v2\/posts\/1321","targetHints":{"allow":["GET"]}}],"collection":[{"href":"http:\/\/energity.bzh\/index.php\/wp-json\/wp\/v2\/posts"}],"about":[{"href":"http:\/\/energity.bzh\/index.php\/wp-json\/wp\/v2\/types\/post"}],"author":[{"embeddable":true,"href":"http:\/\/energity.bzh\/index.php\/wp-json\/wp\/v2\/users\/2"}],"replies":[{"embeddable":true,"href":"http:\/\/energity.bzh\/index.php\/wp-json\/wp\/v2\/comments?post=1321"}],"version-history":[{"count":13,"href":"http:\/\/energity.bzh\/index.php\/wp-json\/wp\/v2\/posts\/1321\/revisions"}],"predecessor-version":[{"id":1340,"href":"http:\/\/energity.bzh\/index.php\/wp-json\/wp\/v2\/posts\/1321\/revisions\/1340"}],"wp:attachment":[{"href":"http:\/\/energity.bzh\/index.php\/wp-json\/wp\/v2\/media?parent=1321"}],"wp:term":[{"taxonomy":"category","embeddable":true,"href":"http:\/\/energity.bzh\/index.php\/wp-json\/wp\/v2\/categories?post=1321"},{"taxonomy":"post_tag","embeddable":true,"href":"http:\/\/energity.bzh\/index.php\/wp-json\/wp\/v2\/tags?post=1321"}],"curies":[{"name":"wp","href":"https:\/\/api.w.org\/{rel}","templated":true}]}}