{"id":1114,"date":"2019-08-27T16:53:34","date_gmt":"2019-08-27T14:53:34","guid":{"rendered":"http:\/\/energity.bzh\/?p=1114"},"modified":"2019-08-27T16:54:40","modified_gmt":"2019-08-27T14:54:40","slug":"locde-organise-un-colloque-averting-systemic-collapse-les-17-et-18-septembre-a-paris","status":"publish","type":"post","link":"http:\/\/energity.bzh\/index.php\/2019\/08\/27\/locde-organise-un-colloque-averting-systemic-collapse-les-17-et-18-septembre-a-paris\/","title":{"rendered":"L&rsquo;OCDE organise un colloque \u00a0\u00bb Averting Systemic Collapse \u00a0\u00bb les 17 et 18 Septembre \u00e0 Paris"},"content":{"rendered":"\n<p> Qui l&rsquo;e\u00fbt cru ? <strong>L&rsquo;OCDE organise un colloque \u00a0\u00bb Averting Systemic Collapse  \u00a0\u00bb &#8211; \u00c9viter l&rsquo;effondrement syst\u00e9mique &#8211; les 17 et 18 Septembre \u00e0 Paris  o\u00f9 l&rsquo;on discutera des possibilit\u00e9s d&rsquo;effondrement (financi\u00e8res,  \u00e9conomiques, environnementales et soci\u00e9tales, et des liens entre eux).<\/strong><br> Jean-Marc Jancovici y interviendra dans 2 sessions.<br> Les diff\u00e9rentes tables-rondes seront diffus\u00e9es par vid\u00e9o.<br> Commentaire de Jean-Marc Jancovici \u00e0 ce sujet :<br> \u00ab\u00a0L&rsquo;Organisation de coop\u00e9ration et de d\u00e9veloppement  \u00e9conomiques (OCDE), cr\u00e9\u00e9e en 1961, succ\u00e8de \u00e0 l&rsquo;Organisation de  coop\u00e9ration \u00e9conomique europ\u00e9enne, cr\u00e9\u00e9e en 1948 pour g\u00e9rer le Plan  Marshall en Europe. Aujourd&rsquo;hui, l&rsquo;OCDE se d\u00e9finit comme \u00ab une  organisation internationale qui travaille \u00e0 l&rsquo;\u00e9laboration de meilleures  politiques pour une vie meilleure. Notre objectif est d&rsquo;\u00e9laborer des  politiques qui favorisent la prosp\u00e9rit\u00e9, l&rsquo;\u00e9galit\u00e9, les possibilit\u00e9s et  le bien-\u00eatre pour tous. Le mot cl\u00e9 dans ce lieu est historiquement  \u00ab\u00a0croissance\u00a0\u00bb (\u00e9conomique, bien s\u00fbr). C&rsquo;est donc une divine surprise de  voir que cette institution organise les 17 et 18 septembre un colloque  intitul\u00e9 \u00ab\u00e9viter l&rsquo;effondrement syst\u00e9mique\u00bb o\u00f9 elle discutera&#8230; les  possibilit\u00e9s d&rsquo;effondrement (financi\u00e8res, \u00e9conomiques, environnementales  et soci\u00e9tales, et les liens entre eux). Votre humble serviteur aura le  privil\u00e8ge de parler non pas une fois, mais deux fois, la deuxi\u00e8me fois  aux c\u00f4t\u00e9s de Steeve Keen, auteur de \u00ab\u00a0D\u00e9mystifier l&rsquo;\u00e9conomie\u00a0\u00bb\u00a0\u00bb<br> (publi\u00e9 par Jo\u00eblle Leconte) <\/p>\n\n\n\n<p><a rel=\"noreferrer noopener\" aria-label=\" (s\u2019ouvre dans un nouvel onglet)\" href=\"http:\/\/www.oecd.org\/naec\/averting-systemic-collapse\/\" target=\"_blank\">www.oecd.org\/naec\/averting-systemic-collapse<\/a><\/p>\n","protected":false},"excerpt":{"rendered":"<p>Qui l&rsquo;e\u00fbt cru ? L&rsquo;OCDE organise un colloque \u00a0\u00bb Averting Systemic Collapse \u00a0\u00bb &#8211; \u00c9viter l&rsquo;effondrement syst\u00e9mique &#8211; les 17 et 18 Septembre \u00e0 Paris o\u00f9 l&rsquo;on discutera des possibilit\u00e9s d&rsquo;effondrement (financi\u00e8res, \u00e9conomiques, environnementales et soci\u00e9tales, et des liens entre eux). Jean-Marc Jancovici y interviendra dans 2 sessions. Les diff\u00e9rentes tables-rondes seront diffus\u00e9es par vid\u00e9o. &#8230; <a title=\"L&rsquo;OCDE organise un colloque \u00a0\u00bb Averting Systemic Collapse \u00a0\u00bb les 17 et 18 Septembre \u00e0 Paris\" class=\"read-more\" href=\"http:\/\/energity.bzh\/index.php\/2019\/08\/27\/locde-organise-un-colloque-averting-systemic-collapse-les-17-et-18-septembre-a-paris\/\" aria-label=\"En savoir plus sur L&rsquo;OCDE organise un colloque \u00a0\u00bb Averting Systemic Collapse \u00a0\u00bb les 17 et 18 Septembre \u00e0 Paris\">Lire la suite<\/a><\/p>\n","protected":false},"author":2,"featured_media":0,"comment_status":"closed","ping_status":"open","sticky":false,"template":"","format":"standard","meta":{"footnotes":""},"categories":[46,72],"tags":[],"class_list":["post-1114","post","type-post","status-publish","format-standard","hentry","category-alerte","category-effondrement"],"_links":{"self":[{"href":"http:\/\/energity.bzh\/index.php\/wp-json\/wp\/v2\/posts\/1114","targetHints":{"allow":["GET"]}}],"collection":[{"href":"http:\/\/energity.bzh\/index.php\/wp-json\/wp\/v2\/posts"}],"about":[{"href":"http:\/\/energity.bzh\/index.php\/wp-json\/wp\/v2\/types\/post"}],"author":[{"embeddable":true,"href":"http:\/\/energity.bzh\/index.php\/wp-json\/wp\/v2\/users\/2"}],"replies":[{"embeddable":true,"href":"http:\/\/energity.bzh\/index.php\/wp-json\/wp\/v2\/comments?post=1114"}],"version-history":[{"count":2,"href":"http:\/\/energity.bzh\/index.php\/wp-json\/wp\/v2\/posts\/1114\/revisions"}],"predecessor-version":[{"id":1116,"href":"http:\/\/energity.bzh\/index.php\/wp-json\/wp\/v2\/posts\/1114\/revisions\/1116"}],"wp:attachment":[{"href":"http:\/\/energity.bzh\/index.php\/wp-json\/wp\/v2\/media?parent=1114"}],"wp:term":[{"taxonomy":"category","embeddable":true,"href":"http:\/\/energity.bzh\/index.php\/wp-json\/wp\/v2\/categories?post=1114"},{"taxonomy":"post_tag","embeddable":true,"href":"http:\/\/energity.bzh\/index.php\/wp-json\/wp\/v2\/tags?post=1114"}],"curies":[{"name":"wp","href":"https:\/\/api.w.org\/{rel}","templated":true}]}}