{"id":1098,"date":"2019-07-29T11:46:28","date_gmt":"2019-07-29T09:46:28","guid":{"rendered":"http:\/\/energity.bzh\/?p=1098"},"modified":"2019-11-14T19:48:46","modified_gmt":"2019-11-14T18:48:46","slug":"general-lecointre-il-faut-etre-pret-a-sengager-pour-un-conflit-de-survie","status":"publish","type":"post","link":"http:\/\/energity.bzh\/index.php\/2019\/07\/29\/general-lecointre-il-faut-etre-pret-a-sengager-pour-un-conflit-de-survie\/","title":{"rendered":"G\u00e9n\u00e9ral Lecointre : \u00ab Il faut \u00eatre pr\u00eat \u00e0 s\u2019engager pour un conflit de survie \u00bb"},"content":{"rendered":"\n<p><em>\u00ab\u00a0Dans un monde en \u00e9tat de crise permanent li\u00e9<strong> aux enjeux \u00e9nerg\u00e9tiques <\/strong>et <strong>environnementaux<\/strong>, d\u2019une part, et \u00e0 l\u2019explosion d\u00e9mographique, d\u2019autre part\u00a0\u00bb et soumis \u00e0 \u00ab\u00a0une hausse de la conflictualit\u00e9\u00a0\u00bb, il est n\u00e9cessaire de proc\u00e9der selon les \u00ab\u00a0grands principes de la guerre que vous connaissez pour avoir lu les \u00e9crits du mar\u00e9chal Foch\u00a0\u00bb<\/em><br><br>Le G\u00e9n\u00e9ral Lecointre<br>G\u00e9n\u00e9ral d&rsquo;arm\u00e9e, chef d\u2019\u00c9tat-Major (CEMA) des arm\u00e9es depuis le 20 juillet 2017<br><br>D\u00e9claration lors d&rsquo;une audition devant la m\u00eame Commission consacr\u00e9e aux op\u00e9rations ext\u00e9rieures (17 juillet 2018)<br>source :  <a rel=\"noreferrer noopener\" aria-label=\" (s\u2019ouvre dans un nouvel onglet)\" href=\"https:\/\/fr.wikipedia.org\/wiki\/Fran%C3%A7ois_Lecointre_(militaire)\" target=\"_blank\">https:\/\/fr.wikipedia.org\/wiki\/Fran%C3%A7ois_Lecointre_(militaire)<\/a><\/p>\n\n\n\n<figure class=\"wp-block-embed-wordpress wp-block-embed is-type-wp-embed is-provider-zone-militaire\"><div class=\"wp-block-embed__wrapper\">\n<blockquote class=\"wp-embedded-content\" data-secret=\"Jczn5UjTNP\"><a href=\"http:\/\/www.opex360.com\/2019\/07\/26\/general-lecointre-il-faut-etre-pret-a-sengager-pour-un-conflit-de-survie\/\">G\u00e9n\u00e9ral Lecointre : \u00ab\u00a0Il faut \u00eatre pr\u00eat \u00e0 s&rsquo;engager pour un conflit de survie\u00a0\u00bb<\/a><\/blockquote><iframe loading=\"lazy\" title=\"\u00ab\u00a0G\u00e9n\u00e9ral Lecointre : \u00ab\u00a0Il faut \u00eatre pr\u00eat \u00e0 s&rsquo;engager pour un conflit de survie\u00a0\u00bb\u00a0\u00bb &#8212; Zone Militaire\" class=\"wp-embedded-content\" sandbox=\"allow-scripts\" security=\"restricted\" style=\"position: absolute; clip: rect(1px, 1px, 1px, 1px);\" src=\"http:\/\/www.opex360.com\/2019\/07\/26\/general-lecointre-il-faut-etre-pret-a-sengager-pour-un-conflit-de-survie\/embed\/#?secret=Jczn5UjTNP\" data-secret=\"Jczn5UjTNP\" width=\"600\" height=\"338\" frameborder=\"0\" marginwidth=\"0\" marginheight=\"0\" scrolling=\"no\"><\/iframe>\n<\/div><\/figure>\n","protected":false},"excerpt":{"rendered":"<p>\u00ab\u00a0Dans un monde en \u00e9tat de crise permanent li\u00e9 aux enjeux \u00e9nerg\u00e9tiques et environnementaux, d\u2019une part, et \u00e0 l\u2019explosion d\u00e9mographique, d\u2019autre part\u00a0\u00bb et soumis \u00e0 \u00ab\u00a0une hausse de la conflictualit\u00e9\u00a0\u00bb, il est n\u00e9cessaire de proc\u00e9der selon les \u00ab\u00a0grands principes de la guerre que vous connaissez pour avoir lu les \u00e9crits du mar\u00e9chal Foch\u00a0\u00bb Le G\u00e9n\u00e9ral &#8230; <a title=\"G\u00e9n\u00e9ral Lecointre : \u00ab Il faut \u00eatre pr\u00eat \u00e0 s\u2019engager pour un conflit de survie \u00bb\" class=\"read-more\" href=\"http:\/\/energity.bzh\/index.php\/2019\/07\/29\/general-lecointre-il-faut-etre-pret-a-sengager-pour-un-conflit-de-survie\/\" aria-label=\"En savoir plus sur G\u00e9n\u00e9ral Lecointre : \u00ab Il faut \u00eatre pr\u00eat \u00e0 s\u2019engager pour un conflit de survie \u00bb\">Lire la suite<\/a><\/p>\n","protected":false},"author":2,"featured_media":0,"comment_status":"closed","ping_status":"open","sticky":false,"template":"","format":"standard","meta":{"footnotes":""},"categories":[46,59,86],"tags":[],"class_list":["post-1098","post","type-post","status-publish","format-standard","hentry","category-alerte","category-climat","category-guerre"],"_links":{"self":[{"href":"http:\/\/energity.bzh\/index.php\/wp-json\/wp\/v2\/posts\/1098","targetHints":{"allow":["GET"]}}],"collection":[{"href":"http:\/\/energity.bzh\/index.php\/wp-json\/wp\/v2\/posts"}],"about":[{"href":"http:\/\/energity.bzh\/index.php\/wp-json\/wp\/v2\/types\/post"}],"author":[{"embeddable":true,"href":"http:\/\/energity.bzh\/index.php\/wp-json\/wp\/v2\/users\/2"}],"replies":[{"embeddable":true,"href":"http:\/\/energity.bzh\/index.php\/wp-json\/wp\/v2\/comments?post=1098"}],"version-history":[{"count":3,"href":"http:\/\/energity.bzh\/index.php\/wp-json\/wp\/v2\/posts\/1098\/revisions"}],"predecessor-version":[{"id":1193,"href":"http:\/\/energity.bzh\/index.php\/wp-json\/wp\/v2\/posts\/1098\/revisions\/1193"}],"wp:attachment":[{"href":"http:\/\/energity.bzh\/index.php\/wp-json\/wp\/v2\/media?parent=1098"}],"wp:term":[{"taxonomy":"category","embeddable":true,"href":"http:\/\/energity.bzh\/index.php\/wp-json\/wp\/v2\/categories?post=1098"},{"taxonomy":"post_tag","embeddable":true,"href":"http:\/\/energity.bzh\/index.php\/wp-json\/wp\/v2\/tags?post=1098"}],"curies":[{"name":"wp","href":"https:\/\/api.w.org\/{rel}","templated":true}]}}